{"id":2933,"date":"2011-07-16T10:50:06","date_gmt":"2011-07-16T07:50:06","guid":{"rendered":"http:\/\/fundatiapentrusmurd.ro\/?p=2933"},"modified":"2014-04-16T11:30:56","modified_gmt":"2014-04-16T08:30:56","slug":"fundaia-pentru-smurd-va-participa-la-ongfest-2011","status":"publish","type":"post","link":"https:\/\/fundatiapentrusmurd.ro\/en\/fundaia-pentru-smurd-va-participa-la-ongfest-2011\/","title":{"rendered":"Funda\u021bia pentru SMURD va participa la ONGFest 2011"},"content":{"rendered":"<p class=\"qtranxs-available-languages-message qtranxs-available-languages-message-en\">Sorry, this entry is only available in <a href=\"https:\/\/fundatiapentrusmurd.ro\/ro\/wp-json\/wp\/v2\/posts\/2933\" class=\"qtranxs-available-language-link qtranxs-available-language-link-ro\" title=\"Rom\u00e2n\u0103\">Rom\u00e2n\u0103<\/a>.<\/p>\u00cen perioada 9 septembrie \u2013 16 octombrie 2011 Funda\u021bia pentru SMURD va participa la ONGFest \u2013 Festivalul Na\u021bional al Organiza\u021biilor neguvernamentale.<\/p>\n<p>Particularitatea din acest an a ONGFEst este aria geografic\u0103 pe care aceast\u0103 manifestare, singura de gen din Rom\u00e2nia, o va acoperi. \u00cencep\u00e2nd cu 9 septembrie ONGFest va \u201clua la pas\u201d \u021bara, \u00eentr-un maraton de evenimente dedicate activit\u0103\u021bilor organiza\u021biilor neguvernamentale:<\/p>\n<ul>\n<li>Bucure\u0219ti: 9 \u2013 11 septembrie<\/li>\n<li>Ia\u0219i, Bac\u0103u: 17 \u2013 18 septembrie<\/li>\n<li>Miercurea Ciuc, Sibiu, Craiova: 24 \u2013 25 septembrie<\/li>\n<li>Cluj \u2013 Napoca, Oradea: 1 \u2013 2 octombrie<\/li>\n<li>Timi\u0219oara: 8 \u2013 9 octombrie<\/li>\n<li>Constan\u021ba: 15 \u2013 16 octombrie<\/li>\n<\/ul>\n<p>Funda\u021bia pentru SMURD va participa la evenimentele organizate la Bucure\u0219ti. Ia\u0219i \u0219i Cluj Napoca.<\/p>\n<p><iframe loading=\"lazy\" src=\"http:\/\/www.youtube.com\/embed\/5quuTxXIF-Y\" height=\"442\" width=\"550\" allowfullscreen=\"\" frameborder=\"0\"><\/iframe><\/p>\n<!--more-->\n<p>Astfel, \u00een fiecare dintre aceste loca\u021bii, vom organiza dezbaterea <em>\u201cCampania anual\u0103 de redirec\u021bionare a 2% din impozitul pe venit \u2013 exprim\u0103-\u021bi dreptul la op\u021biune<\/em><\/p>\n<p>\u00cencerc\u0103m astfel s\u0103 explic\u0103m de ce sunt importante campaniile de redirec\u021bionare \u0219i care sunt avantajele pe care fiecare dintre noi le poate avea exercit\u00e2ndu-\u0219i acest drept.<\/p>\n<p>\u00cen fiecare an statul rom\u00e2n ofer\u0103 cet\u0103\u021benilor s\u0103i contribuabili posibilitatea de a redirec\u021biona 2% din impozitul pe venit c\u0103tre o organiza\u021bie non-profit.\u00a0 Exercit\u00e2ndu-\u021bi acest drept mandatezi statul s\u0103 redirec\u021bioneze cei 2%, din impozitul deja pl\u0103tit, c\u0103tre o institu\u021bie non-profit despre care consideri c\u0103 \u00ee\u021bi reprezint\u0103 cel mai bine interesele \u0219i dorin\u021bele. Prin simpla completare a formularului 230 \u0219i depunerea lui la Administra\u021bia Financiar\u0103 de care apar\u021bii alegi, practic, zona de interes sau proiectul \u00een care vrei s\u0103 fie investite cele dou\u0103 procente. Nu trebuie s\u0103 sco\u021bi nici un ban din buzunar, cei 2% fiind redirec\u021biona\u021bi dintr-o sum\u0103 pe care statul deja \u021bi-a oprit-o &#8211; impozitul pe venit. Alege s\u0103 redirec\u021bionezi anual 2% din impozitul pe venit! Alege ca printr-un gest simplu s\u0103 participi la proiecte mari.<\/p>\n<p>Festivalul Na\u021bional al Organiza\u021biilor Neguvernamentale din Rom\u00e2nia \u2013 ONGFest \u2013 este cel mai de anvergur\u0103 eveniment al sectorului neguvernamental din Rom\u00e2nia, un promotor al participarii publice, al comportamentului filantropic \u0219i voluntar, dar \u0219i o oportunitate de a aduce ONG-urile \u00een aten\u021bia cet\u0103\u021benilor \u0219i a publicului larg.<\/p>\n<p>Organizat anual, ONGFest \u00ee\u0219i propune s\u0103 contribuie la sporirea num\u0103rului de cet\u0103\u021beni implica\u021bi activ \u00een comunitate, la dezvoltarea spiritului asociativ \u0219i la cre\u0219terea implic\u0103rii asocia\u021biilor \u0219i funda\u021biilor din Rom\u00e2nia \u00een societate.<\/p>\n<p>Obiectivele ONGFest sunt:<\/p>\n<ul>\n<li>s\u0103 stabileasc\u0103 un model de interac\u021biune direct\u0103 \u00eentre ONG-uri \u0219i cet\u0103\u021beni, care s\u0103 devin\u0103 o tradi\u021bie a societ\u0103\u021bii civile;<\/li>\n<li>s\u0103 promoveze ONG-urile mici \u0219i medii, mai pu\u021bin vizibile, dar care au o contribu\u021bie major\u0103 \u00een comunitate;<\/li>\n<li>sa stimuleze dezbaterile publice \u00eentre ONG-uri, institu\u021bii publice, companii, mass-media \u0219i cet\u0103\u021beni, reunind actorii societ\u0103\u021bii civile.<\/li>\n<\/ul>\n<p>Publicul nu este familiar cu activit\u0103\u021bile desf\u0103\u0219urate de ONG-uri \u0219i de aceea, majoritatea cet\u0103\u021benilor nu este implicat\u0103 \u00een activit\u0103\u021bi de voluntariat \u0219i nu redirec\u021bioneaz\u0103 2% din impozitul lor c\u0103tre organiza\u021bii.<\/p>\n<p>\u00cen cadrul Caravanei ONGfest 2011 \u2013 T\u00e2rgul\u00a0economiei sociale,\u00a0ce va avea loc \u00een 10 ora\u0219e din Rom\u00e2nia, evenimentele vor fi bazate pe tema economiei sociale ce\u00a0include organiza\u021bii active \u00een anumite domenii cum ar fi protec\u021bia social\u0103, serviciile sociale, s\u0103n\u0103tatea, b\u0103ncile, asigur\u0103rile, produc\u021bia agricol\u0103, serviciile de proximitate, educa\u021bie \u0219i formare, cultur\u0103, sport \u0219i activit\u0103\u021bi recreative, organizate sub diferite forme, cum ar fi: cooperativele, organiza\u021biile de \u00eentr-ajutorare, asocia\u021biile \u0219i funda\u021biile etc (conform defini\u021biilor acceptate la nivel european).<\/p>\n<p>Funda\u021bia pentru Dezvoltarea Societ\u0103\u021bii Civile (FDSC) sus\u021bine dezvoltarea economiei sociale \u00een Rom\u00e2nia \u0219i a entit\u0103\u021bilor care contribuie la dezvoltarea coeziunii \u0219i a solidarit\u0103\u021bii \u00een societate.","protected":false},"excerpt":{"rendered":"<p>Sorry, this entry is only available in Rom\u00e2n\u0103.\u00cen perioada 9 septembrie \u2013 16 octombrie 2011 Funda\u021bia pentru SMURD va participa la ONGFest \u2013 Festivalul Na\u021bional al Organiza\u021biilor neguvernamentale. Particularitatea din acest an a ONGFEst este aria geografic\u0103 pe care aceast\u0103 manifestare, singura de gen din Rom\u00e2nia, o va acoperi. \u00cencep\u00e2nd cu 9 septembrie ONGFest va [&hellip;]<\/p>\n","protected":false},"author":8,"featured_media":2932,"comment_status":"open","ping_status":"closed","sticky":false,"template":"","format":"standard","meta":{"_acf_changed":false,"footnotes":""},"categories":[14],"tags":[],"class_list":["post-2933","post","type-post","status-publish","format-standard","has-post-thumbnail","hentry","category-comunicate-diverse"],"acf":[],"_links":{"self":[{"href":"https:\/\/fundatiapentrusmurd.ro\/en\/wp-json\/wp\/v2\/posts\/2933","targetHints":{"allow":["GET"]}}],"collection":[{"href":"https:\/\/fundatiapentrusmurd.ro\/en\/wp-json\/wp\/v2\/posts"}],"about":[{"href":"https:\/\/fundatiapentrusmurd.ro\/en\/wp-json\/wp\/v2\/types\/post"}],"author":[{"embeddable":true,"href":"https:\/\/fundatiapentrusmurd.ro\/en\/wp-json\/wp\/v2\/users\/8"}],"replies":[{"embeddable":true,"href":"https:\/\/fundatiapentrusmurd.ro\/en\/wp-json\/wp\/v2\/comments?post=2933"}],"version-history":[{"count":0,"href":"https:\/\/fundatiapentrusmurd.ro\/en\/wp-json\/wp\/v2\/posts\/2933\/revisions"}],"wp:featuredmedia":[{"embeddable":true,"href":"https:\/\/fundatiapentrusmurd.ro\/en\/wp-json\/wp\/v2\/media\/2932"}],"wp:attachment":[{"href":"https:\/\/fundatiapentrusmurd.ro\/en\/wp-json\/wp\/v2\/media?parent=2933"}],"wp:term":[{"taxonomy":"category","embeddable":true,"href":"https:\/\/fundatiapentrusmurd.ro\/en\/wp-json\/wp\/v2\/categories?post=2933"},{"taxonomy":"post_tag","embeddable":true,"href":"https:\/\/fundatiapentrusmurd.ro\/en\/wp-json\/wp\/v2\/tags?post=2933"}],"curies":[{"name":"wp","href":"https:\/\/api.w.org\/{rel}","templated":true}]}}